{"id":108951,"date":"2025-04-08T16:11:43","date_gmt":"2025-04-08T20:11:43","guid":{"rendered":"https:\/\/www.foliot.com\/?p=108951"},"modified":"2025-05-27T15:57:40","modified_gmt":"2025-05-27T19:57:40","slug":"expansion-europeenne-de-meubles-foliot-entretien-avec-le-pdg-philip-giffard","status":"publish","type":"post","link":"https:\/\/www.foliot.com\/fr\/expansion-europeenne-de-meubles-foliot-entretien-avec-le-pdg-philip-giffard\/","title":{"rendered":"Expansion europ\u00e9enne de Meubles Foliot : Entretien avec le PDG Philip Giffard."},"content":{"rendered":"\n<div class=\"wp-block-media-text has-media-on-the-right is-stacked-on-mobile header-post\"><div class=\"wp-block-media-text__content\"><h1 class=\"has-text-align-left wp-block-post-title\">Expansion europ\u00e9enne de Meubles Foliot : Entretien avec le PDG Philip Giffard.<\/h1>\n\n\n<p class=\"has-text-align-left is-style-default\">Par Jast Aubin<\/p>\n<\/div><figure class=\"wp-block-media-text__media\"><img loading=\"lazy\" decoding=\"async\" width=\"1024\" height=\"683\" src=\"https:\/\/www.foliot.com\/wp-content\/uploads\/2025\/04\/Story-5-FOLIOT-Interview-philip-giffard-la-presse-1024x683.jpg\" alt=\"\" class=\"wp-image-109198 size-full\" srcset=\"https:\/\/www.foliot.com\/wp-content\/uploads\/2025\/04\/Story-5-FOLIOT-Interview-philip-giffard-la-presse-1024x683.jpg 1024w, https:\/\/www.foliot.com\/wp-content\/uploads\/2025\/04\/Story-5-FOLIOT-Interview-philip-giffard-la-presse-300x200.jpg 300w, https:\/\/www.foliot.com\/wp-content\/uploads\/2025\/04\/Story-5-FOLIOT-Interview-philip-giffard-la-presse-768x512.jpg 768w, https:\/\/www.foliot.com\/wp-content\/uploads\/2025\/04\/Story-5-FOLIOT-Interview-philip-giffard-la-presse-1536x1024.jpg 1536w, https:\/\/www.foliot.com\/wp-content\/uploads\/2025\/04\/Story-5-FOLIOT-Interview-philip-giffard-la-presse-770x513.jpg 770w, https:\/\/www.foliot.com\/wp-content\/uploads\/2025\/04\/Story-5-FOLIOT-Interview-philip-giffard-la-presse-500x333.jpg 500w, https:\/\/www.foliot.com\/wp-content\/uploads\/2025\/04\/Story-5-FOLIOT-Interview-philip-giffard-la-presse-700x467.jpg 700w, https:\/\/www.foliot.com\/wp-content\/uploads\/2025\/04\/Story-5-FOLIOT-Interview-philip-giffard-la-presse-130x87.jpg 130w, https:\/\/www.foliot.com\/wp-content\/uploads\/2025\/04\/Story-5-FOLIOT-Interview-philip-giffard-la-presse.jpg 1920w\" sizes=\"(max-width: 1024px) 100vw, 1024px\" \/><\/figure><\/div>\n\n\n\n<div class=\"wp-block-group content-post is-vertical is-nowrap is-layout-flex wp-container-core-group-is-layout-1 wp-block-group-is-layout-flex\">\n<p class=\"is-style-default has-large-font-size\"><strong>Philip Giffard, le nouveau PDG de Meubles Foliot, partage ses plans ambitieux pour \u00e9tendre la port\u00e9e de l&rsquo;entreprise en Europe dans un entretien avec le journal La Presse.<\/strong><\/p>\n\n\n\n<p>Philip Giffard a r\u00e9cemment accord\u00e9 une entrevue \u00e0 La Presse. Lors de cette discussion de haut niveau, le PDG de Foliot a partag\u00e9 ses r\u00e9flexions sur son <em>leadership<\/em> et la direction strat\u00e9gique de l&rsquo;entreprise. L&rsquo;entrevue a mis en lumi\u00e8re des plans ambitieux pour l&rsquo;expansion sur le march\u00e9 europ\u00e9en, marquant une \u00e9tape importante pour l&rsquo;entreprise.<\/p>\n\n\n\n<p>Giffard, qui est \u00e0 la t\u00eate de Foliot depuis la fin de 2024, a soulign\u00e9 l&rsquo;engagement de l&rsquo;entreprise envers la croissance et l&rsquo;innovation. Cette entrevue souligne le <em>leadership<\/em> dynamique qui propulse les Meubles Foliot vers l&rsquo;avant dans l&rsquo;industrie mondiale du meuble.<\/p>\n\n\n\n<p>Pour plus de d\u00e9tails, vous pouvez lire l\u2019entrevue compl\u00e8te sur le site web de La Presse <a href=\"https:\/\/www.lapresse.ca\/affaires\/2025-04-08\/grande-entrevue-avec-philip-giffard-pdg-de-meubles-foliot\/plein-cap-sur-l-europe.php\" target=\"_blank\" rel=\"noopener\">ici<\/a>.<\/p>\n<\/div>\n\n\n\n<div style=\"height:100px\" aria-hidden=\"true\" class=\"wp-block-spacer\"><\/div>\n","protected":false},"excerpt":{"rendered":"<p>Le manufacturier nord-am\u00e9ricain vise le vieux continent.<\/p>\n","protected":false},"author":48,"featured_media":109198,"comment_status":"closed","ping_status":"open","sticky":false,"template":"","format":"standard","meta":{"content-type":"","_relevanssi_hide_post":"","_relevanssi_hide_content":"","_relevanssi_pin_for_all":"","_relevanssi_pin_keywords":"","_relevanssi_unpin_keywords":"","_relevanssi_related_keywords":"","_relevanssi_related_include_ids":"","_relevanssi_related_exclude_ids":"","_relevanssi_related_no_append":"","_relevanssi_related_not_related":"","_relevanssi_related_posts":"109189,108987,108979,108967,109159","_relevanssi_noindex_reason":"","footnotes":""},"categories":[20],"tags":[],"acf":[],"_links":{"self":[{"href":"https:\/\/www.foliot.com\/fr\/wp-json\/wp\/v2\/posts\/108951"}],"collection":[{"href":"https:\/\/www.foliot.com\/fr\/wp-json\/wp\/v2\/posts"}],"about":[{"href":"https:\/\/www.foliot.com\/fr\/wp-json\/wp\/v2\/types\/post"}],"author":[{"embeddable":true,"href":"https:\/\/www.foliot.com\/fr\/wp-json\/wp\/v2\/users\/48"}],"replies":[{"embeddable":true,"href":"https:\/\/www.foliot.com\/fr\/wp-json\/wp\/v2\/comments?post=108951"}],"version-history":[{"count":3,"href":"https:\/\/www.foliot.com\/fr\/wp-json\/wp\/v2\/posts\/108951\/revisions"}],"predecessor-version":[{"id":109762,"href":"https:\/\/www.foliot.com\/fr\/wp-json\/wp\/v2\/posts\/108951\/revisions\/109762"}],"wp:featuredmedia":[{"embeddable":true,"href":"https:\/\/www.foliot.com\/fr\/wp-json\/wp\/v2\/media\/109198"}],"wp:attachment":[{"href":"https:\/\/www.foliot.com\/fr\/wp-json\/wp\/v2\/media?parent=108951"}],"wp:term":[{"taxonomy":"category","embeddable":true,"href":"https:\/\/www.foliot.com\/fr\/wp-json\/wp\/v2\/categories?post=108951"},{"taxonomy":"post_tag","embeddable":true,"href":"https:\/\/www.foliot.com\/fr\/wp-json\/wp\/v2\/tags?post=108951"}],"curies":[{"name":"wp","href":"https:\/\/api.w.org\/{rel}","templated":true}]}}